{"id":555,"date":"2024-05-08T16:00:20","date_gmt":"2024-05-08T16:00:20","guid":{"rendered":"http:\/\/www.almaruralbodega.com\/?p=555"},"modified":"2025-08-07T11:57:17","modified_gmt":"2025-08-07T11:57:17","slug":"las-partes-de-la-uva-garnacha-descubrimos-sus-capas","status":"publish","type":"post","link":"https:\/\/www.almaruralbodega.com\/index.php\/2024\/05\/08\/las-partes-de-la-uva-garnacha-descubrimos-sus-capas\/","title":{"rendered":"Las partes de la uva Garnacha: descubrimos sus capas"},"content":{"rendered":"\t\t<div data-elementor-type=\"wp-post\" data-elementor-id=\"555\" class=\"elementor elementor-555\" data-elementor-post-type=\"post\">\n\t\t\t\t<div class=\"elementor-element elementor-element-c2fca18 e-flex e-con-boxed e-con e-parent\" data-id=\"c2fca18\" data-element_type=\"container\" data-e-type=\"container\">\n\t\t\t\t\t<div class=\"e-con-inner\">\n\t\t\t\t<div class=\"elementor-element elementor-element-965d72a elementor-widget elementor-widget-heading\" data-id=\"965d72a\" data-element_type=\"widget\" data-e-type=\"widget\" data-widget_type=\"heading.default\">\n\t\t\t\t<div class=\"elementor-widget-container\">\n\t\t\t\t\t<h2 class=\"elementor-heading-title elementor-size-default\">La uva Garnacha, con su rica historia y versatilidad enol\u00f3gica, es una de las variedades m\u00e1s apreciadas en el mundo del vino. En esta entrada, nos sumergiremos en la anatom\u00eda de la Garnacha, explorando cada parte de esta uva que da vida a nuestros vinos. Acomp\u00e1\u00f1anos en este viaje sensorial a trav\u00e9s de sus componentes y descubre c\u00f3mo cada elemento contribuye a la complejidad y exquisitez de nuestros vinos.<\/h2>\t\t\t\t<\/div>\n\t\t\t\t<\/div>\n\t\t\t\t\t<\/div>\n\t\t\t\t<\/div>\n\t\t<div class=\"elementor-element elementor-element-3a62a6b e-flex e-con-boxed e-con e-parent\" data-id=\"3a62a6b\" data-element_type=\"container\" data-e-type=\"container\">\n\t\t\t\t\t<div class=\"e-con-inner\">\n\t\t\t\t<div class=\"elementor-element elementor-element-af67b4b elementor-widget elementor-widget-heading\" data-id=\"af67b4b\" data-element_type=\"widget\" data-e-type=\"widget\" data-widget_type=\"heading.default\">\n\t\t\t\t<div class=\"elementor-widget-container\">\n\t\t\t\t\t<h2 class=\"elementor-heading-title elementor-size-default\">1. Racimo de Garnacha: el primer encuentro visual<\/h2>\t\t\t\t<\/div>\n\t\t\t\t<\/div>\n\t\t\t\t\t<\/div>\n\t\t\t\t<\/div>\n\t\t<div class=\"elementor-element elementor-element-70830c0 e-flex e-con-boxed e-con e-parent\" data-id=\"70830c0\" data-element_type=\"container\" data-e-type=\"container\">\n\t\t\t\t\t<div class=\"e-con-inner\">\n\t\t<div class=\"elementor-element elementor-element-6f24ac5 e-con-full e-flex e-con e-child\" data-id=\"6f24ac5\" data-element_type=\"container\" data-e-type=\"container\">\n\t\t\t\t<div class=\"elementor-element elementor-element-eee5bcf elementor-widget elementor-widget-text-editor\" data-id=\"eee5bcf\" data-element_type=\"widget\" data-e-type=\"widget\" data-widget_type=\"text-editor.default\">\n\t\t\t\t<div class=\"elementor-widget-container\">\n\t\t\t\t\t\t\t\t\t<p>El racimo de Garnacha, la primera manifestaci\u00f3n visual de esta uva, es un conjunto de bayas agrupadas de manera \u00fanica. Desde la compacta formaci\u00f3n hasta la suelta disposici\u00f3n de las uvas, cada racimo es \u00fanico. Este primer encuentro visual nos anticipa la diversidad de matices y sabores que se revelar\u00e1n en cada botella.<\/p><h2>\u00a0<\/h2>\t\t\t\t\t\t\t\t<\/div>\n\t\t\t\t<\/div>\n\t\t\t\t<\/div>\n\t\t<div class=\"elementor-element elementor-element-be9ad02 e-con-full e-flex e-con e-child\" data-id=\"be9ad02\" data-element_type=\"container\" data-e-type=\"container\">\n\t\t\t\t<div class=\"elementor-element elementor-element-927b0b7 elementor-widget elementor-widget-image\" data-id=\"927b0b7\" data-element_type=\"widget\" data-e-type=\"widget\" data-widget_type=\"image.default\">\n\t\t\t\t<div class=\"elementor-widget-container\">\n\t\t\t\t\t\t\t\t\t\t\t\t\t\t\t<img fetchpriority=\"high\" decoding=\"async\" width=\"768\" height=\"512\" src=\"https:\/\/www.almaruralbodega.com\/wp-content\/uploads\/2023\/12\/grapes-fruit-blue-2719845-768x512.jpg\" class=\"attachment-medium_large size-medium_large wp-image-495\" alt=\"Alma Rural: Donde la Elegancia Vin\u00edcola Encuentra su Cima\" srcset=\"https:\/\/www.almaruralbodega.com\/wp-content\/uploads\/2023\/12\/grapes-fruit-blue-2719845-768x512.jpg 768w, https:\/\/www.almaruralbodega.com\/wp-content\/uploads\/2023\/12\/grapes-fruit-blue-2719845-300x200.jpg 300w, https:\/\/www.almaruralbodega.com\/wp-content\/uploads\/2023\/12\/grapes-fruit-blue-2719845-1024x682.jpg 1024w, https:\/\/www.almaruralbodega.com\/wp-content\/uploads\/2023\/12\/grapes-fruit-blue-2719845.jpg 1280w\" sizes=\"(max-width: 768px) 100vw, 768px\" \/>\t\t\t\t\t\t\t\t\t\t\t\t\t\t\t<\/div>\n\t\t\t\t<\/div>\n\t\t\t\t<\/div>\n\t\t\t\t\t<\/div>\n\t\t\t\t<\/div>\n\t\t<div class=\"elementor-element elementor-element-e8dc7a6 e-flex e-con-boxed e-con e-parent\" data-id=\"e8dc7a6\" data-element_type=\"container\" data-e-type=\"container\">\n\t\t\t\t\t<div class=\"e-con-inner\">\n\t\t\t\t<div class=\"elementor-element elementor-element-2c79987 elementor-widget elementor-widget-heading\" data-id=\"2c79987\" data-element_type=\"widget\" data-e-type=\"widget\" data-widget_type=\"heading.default\">\n\t\t\t\t<div class=\"elementor-widget-container\">\n\t\t\t\t\t<h2 class=\"elementor-heading-title elementor-size-default\">2. Piel de Garnacha: el velo protector<\/h2>\t\t\t\t<\/div>\n\t\t\t\t<\/div>\n\t\t\t\t\t<\/div>\n\t\t\t\t<\/div>\n\t\t<div class=\"elementor-element elementor-element-dee09a5 e-flex e-con-boxed e-con e-parent\" data-id=\"dee09a5\" data-element_type=\"container\" data-e-type=\"container\">\n\t\t\t\t\t<div class=\"e-con-inner\">\n\t\t\t\t<div class=\"elementor-element elementor-element-552e00c elementor-widget elementor-widget-text-editor\" data-id=\"552e00c\" data-element_type=\"widget\" data-e-type=\"widget\" data-widget_type=\"text-editor.default\">\n\t\t\t\t<div class=\"elementor-widget-container\">\n\t\t\t\t\t\t\t\t\t<p>La piel de la Garnacha es el escudo protector que envuelve las jugosas esencias de la pulpa. Rica en pigmentos y compuestos fen\u00f3licos, la piel no solo determina el color del vino, sino que tambi\u00e9n aporta taninos y aromas caracter\u00edsticos. Explorar la complejidad de la piel es adentrarse en la esencia misma de la Garnacha.<\/p>\t\t\t\t\t\t\t\t<\/div>\n\t\t\t\t<\/div>\n\t\t\t\t\t<\/div>\n\t\t\t\t<\/div>\n\t\t<div class=\"elementor-element elementor-element-7ca251c e-flex e-con-boxed e-con e-parent\" data-id=\"7ca251c\" data-element_type=\"container\" data-e-type=\"container\">\n\t\t\t\t\t<div class=\"e-con-inner\">\n\t\t\t\t<div class=\"elementor-element elementor-element-659b5cd elementor-widget elementor-widget-heading\" data-id=\"659b5cd\" data-element_type=\"widget\" data-e-type=\"widget\" data-widget_type=\"heading.default\">\n\t\t\t\t<div class=\"elementor-widget-container\">\n\t\t\t\t\t<h2 class=\"elementor-heading-title elementor-size-default\">3. Pulpa de Garnacha: dulzura y sabor<\/h2>\t\t\t\t<\/div>\n\t\t\t\t<\/div>\n\t\t\t\t\t<\/div>\n\t\t\t\t<\/div>\n\t\t<div class=\"elementor-element elementor-element-5000deb e-flex e-con-boxed e-con e-parent\" data-id=\"5000deb\" data-element_type=\"container\" data-e-type=\"container\">\n\t\t\t\t\t<div class=\"e-con-inner\">\n\t\t\t\t<div class=\"elementor-element elementor-element-d145f07 elementor-widget elementor-widget-text-editor\" data-id=\"d145f07\" data-element_type=\"widget\" data-e-type=\"widget\" data-widget_type=\"text-editor.default\">\n\t\t\t\t<div class=\"elementor-widget-container\">\n\t\t\t\t\t\t\t\t\t<p>La pulpa, el coraz\u00f3n jugoso de la Garnacha, es el epicentro de su sabor. Repleta de az\u00facares, \u00e1cidos y aromas, la pulpa contribuye a la textura sedosa y al equilibrio sensorial en nuestros vinos. Descubrir la calidad y densidad de esta parte es sumergirse en una explosi\u00f3n de sabores frutales.<\/p>\t\t\t\t\t\t\t\t<\/div>\n\t\t\t\t<\/div>\n\t\t\t\t\t<\/div>\n\t\t\t\t<\/div>\n\t\t<div class=\"elementor-element elementor-element-d863f20 e-flex e-con-boxed e-con e-parent\" data-id=\"d863f20\" data-element_type=\"container\" data-e-type=\"container\">\n\t\t\t\t\t<div class=\"e-con-inner\">\n\t\t\t\t<div class=\"elementor-element elementor-element-4f8df5c elementor-widget elementor-widget-heading\" data-id=\"4f8df5c\" data-element_type=\"widget\" data-e-type=\"widget\" data-widget_type=\"heading.default\">\n\t\t\t\t<div class=\"elementor-widget-container\">\n\t\t\t\t\t<h2 class=\"elementor-heading-title elementor-size-default\">3. Pulpa de Garnacha: dulzura y sabor<\/h2>\t\t\t\t<\/div>\n\t\t\t\t<\/div>\n\t\t\t\t\t<\/div>\n\t\t\t\t<\/div>\n\t\t<div class=\"elementor-element elementor-element-5045d9b e-flex e-con-boxed e-con e-parent\" data-id=\"5045d9b\" data-element_type=\"container\" data-e-type=\"container\">\n\t\t\t\t\t<div class=\"e-con-inner\">\n\t\t\t\t<div class=\"elementor-element elementor-element-d96c67c elementor-widget elementor-widget-text-editor\" data-id=\"d96c67c\" data-element_type=\"widget\" data-e-type=\"widget\" data-widget_type=\"text-editor.default\">\n\t\t\t\t<div class=\"elementor-widget-container\">\n\t\t\t\t\t\t\t\t\t<p>La pulpa, el coraz\u00f3n jugoso de la Garnacha, es el epicentro de su sabor. Repleta de az\u00facares, \u00e1cidos y aromas, la pulpa contribuye a la textura sedosa y al equilibrio sensorial en nuestros vinos. Descubrir la calidad y densidad de esta parte es sumergirse en una explosi\u00f3n de sabores frutales.<\/p>\t\t\t\t\t\t\t\t<\/div>\n\t\t\t\t<\/div>\n\t\t\t\t\t<\/div>\n\t\t\t\t<\/div>\n\t\t<div class=\"elementor-element elementor-element-c5c5f1d e-flex e-con-boxed e-con e-parent\" data-id=\"c5c5f1d\" data-element_type=\"container\" data-e-type=\"container\">\n\t\t\t\t\t<div class=\"e-con-inner\">\n\t\t\t\t<div class=\"elementor-element elementor-element-2a7e850 elementor-widget elementor-widget-heading\" data-id=\"2a7e850\" data-element_type=\"widget\" data-e-type=\"widget\" data-widget_type=\"heading.default\">\n\t\t\t\t<div class=\"elementor-widget-container\">\n\t\t\t\t\t<h2 class=\"elementor-heading-title elementor-size-default\">4. Pepitas de Garnacha: riqueza en cada semilla<\/h2>\t\t\t\t<\/div>\n\t\t\t\t<\/div>\n\t\t\t\t\t<\/div>\n\t\t\t\t<\/div>\n\t\t<div class=\"elementor-element elementor-element-7b10ab9 e-flex e-con-boxed e-con e-parent\" data-id=\"7b10ab9\" data-element_type=\"container\" data-e-type=\"container\">\n\t\t\t\t\t<div class=\"e-con-inner\">\n\t\t\t\t<div class=\"elementor-element elementor-element-7d1c38e elementor-widget elementor-widget-text-editor\" data-id=\"7d1c38e\" data-element_type=\"widget\" data-e-type=\"widget\" data-widget_type=\"text-editor.default\">\n\t\t\t\t<div class=\"elementor-widget-container\">\n\t\t\t\t\t\t\t\t\t<p>Las pepitas, o semillas, de la Garnacha son peque\u00f1os tesoros que aportan estructura y complejidad al vino. Rico en taninos, el aceite de las semillas influye en la textura y el cuerpo, mientras que su presencia f\u00edsica en la fermentaci\u00f3n a\u00f1ade capas de sabor y aroma a la bebida final.<\/p>\t\t\t\t\t\t\t\t<\/div>\n\t\t\t\t<\/div>\n\t\t\t\t\t<\/div>\n\t\t\t\t<\/div>\n\t\t<div class=\"elementor-element elementor-element-f8b56fe e-flex e-con-boxed e-con e-parent\" data-id=\"f8b56fe\" data-element_type=\"container\" data-e-type=\"container\">\n\t\t\t\t\t<div class=\"e-con-inner\">\n\t\t\t\t<div class=\"elementor-element elementor-element-c059068 elementor-widget elementor-widget-heading\" data-id=\"c059068\" data-element_type=\"widget\" data-e-type=\"widget\" data-widget_type=\"heading.default\">\n\t\t\t\t<div class=\"elementor-widget-container\">\n\t\t\t\t\t<h2 class=\"elementor-heading-title elementor-size-default\">5. Ped\u00fanculo de Garnacha: la uni\u00f3n entre la vi\u00f1a y la uva<\/h2>\t\t\t\t<\/div>\n\t\t\t\t<\/div>\n\t\t\t\t\t<\/div>\n\t\t\t\t<\/div>\n\t\t<div class=\"elementor-element elementor-element-ca6881c e-flex e-con-boxed e-con e-parent\" data-id=\"ca6881c\" data-element_type=\"container\" data-e-type=\"container\">\n\t\t\t\t\t<div class=\"e-con-inner\">\n\t\t\t\t<div class=\"elementor-element elementor-element-53f62dd elementor-widget elementor-widget-text-editor\" data-id=\"53f62dd\" data-element_type=\"widget\" data-e-type=\"widget\" data-widget_type=\"text-editor.default\">\n\t\t\t\t<div class=\"elementor-widget-container\">\n\t\t\t\t\t\t\t\t\t<p>El ped\u00fanculo, o rasp\u00f3n, conecta cada baya al racimo y, por ende, a la vi\u00f1a. Es la conexi\u00f3n vital que transporta nutrientes y energ\u00eda, influyendo en la salud y desarrollo de la uva. Al explorar el ped\u00fanculo, entendemos la importancia de la vi\u00f1a en la formaci\u00f3n y calidad de la Garnacha.<\/p>\t\t\t\t\t\t\t\t<\/div>\n\t\t\t\t<\/div>\n\t\t\t\t\t<\/div>\n\t\t\t\t<\/div>\n\t\t<div class=\"elementor-element elementor-element-3a212f4 e-flex e-con-boxed e-con e-parent\" data-id=\"3a212f4\" data-element_type=\"container\" data-e-type=\"container\">\n\t\t\t\t\t<div class=\"e-con-inner\">\n\t\t\t\t<div class=\"elementor-element elementor-element-8746857 elementor-widget elementor-widget-heading\" data-id=\"8746857\" data-element_type=\"widget\" data-e-type=\"widget\" data-widget_type=\"heading.default\">\n\t\t\t\t<div class=\"elementor-widget-container\">\n\t\t\t\t\t<h2 class=\"elementor-heading-title elementor-size-default\">6. Jugo de Garnacha: la esencia l\u00edquida de la uva<\/h2>\t\t\t\t<\/div>\n\t\t\t\t<\/div>\n\t\t\t\t\t<\/div>\n\t\t\t\t<\/div>\n\t\t<div class=\"elementor-element elementor-element-3b0875c e-flex e-con-boxed e-con e-parent\" data-id=\"3b0875c\" data-element_type=\"container\" data-e-type=\"container\">\n\t\t\t\t\t<div class=\"e-con-inner\">\n\t\t\t\t<div class=\"elementor-element elementor-element-d2f8c3a elementor-widget elementor-widget-text-editor\" data-id=\"d2f8c3a\" data-element_type=\"widget\" data-e-type=\"widget\" data-widget_type=\"text-editor.default\">\n\t\t\t\t<div class=\"elementor-widget-container\">\n\t\t\t\t\t\t\t\t\t<p>El jugo de Garnacha, es el n\u00e9ctar de la vida vin\u00edcola, es el resultado final de la perfecta sinfon\u00eda entre todas las partes de la uva. Cada gota encapsula la esencia de la vi\u00f1a, la piel, la pulpa y las semillas, creando un l\u00edquido precioso que, al fermentar y envejecer, se transforma en la joya enol\u00f3gica que llega a tu copa.<\/p>\t\t\t\t\t\t\t\t<\/div>\n\t\t\t\t<\/div>\n\t\t\t\t\t<\/div>\n\t\t\t\t<\/div>\n\t\t<div class=\"elementor-element elementor-element-138f0623 e-flex e-con-boxed e-con e-parent\" data-id=\"138f0623\" data-element_type=\"container\" data-e-type=\"container\">\n\t\t\t\t\t<div class=\"e-con-inner\">\n\t\t\t\t<div class=\"elementor-element elementor-element-700a7d43 elementor-widget elementor-widget-text-editor\" data-id=\"700a7d43\" data-element_type=\"widget\" data-e-type=\"widget\" data-widget_type=\"text-editor.default\">\n\t\t\t\t<div class=\"elementor-widget-container\">\n\t\t\t\t\t\t\t\t\t<p>En conclusi\u00f3n, cada parte de la Garnacha contribuye a la historia que cuenta en cada botella. Desde el racimo que marca el inicio hasta el jugo que culmina el proceso, cada componente desempe\u00f1a un papel vital. Al explorar la Garnacha a trav\u00e9s de sus partes, celebramos la riqueza de esta uva y la magia que se despliega en cada sorbo de nuestros vinos.<\/p><p>As\u00ed que, la pr\u00f3xima vez que disfrutes de un vino de Garnacha de nuestra bodega, recuerda que est\u00e1s experimentando no solo el resultado de la vinificaci\u00f3n, sino el relato completo de una uva extraordinaria.<\/p><p>\u00a1Salud a la Garnacha y a la maravillosa sinfon\u00eda de sus partes!<\/p>\t\t\t\t\t\t\t\t<\/div>\n\t\t\t\t<\/div>\n\t\t\t\t\t<\/div>\n\t\t\t\t<\/div>\n\t\t<div class=\"elementor-element elementor-element-abbf863 e-flex e-con-boxed e-con e-parent\" data-id=\"abbf863\" data-element_type=\"container\" data-e-type=\"container\">\n\t\t\t\t\t<div class=\"e-con-inner\">\n\t\t<div class=\"elementor-element elementor-element-405222b e-flex e-con-boxed e-con e-child\" data-id=\"405222b\" data-element_type=\"container\" data-e-type=\"container\">\n\t\t\t\t\t<div class=\"e-con-inner\">\n\t\t<div class=\"elementor-element elementor-element-4275323 e-con-full e-flex e-con e-child\" data-id=\"4275323\" data-element_type=\"container\" data-e-type=\"container\">\n\t\t\t\t<div class=\"elementor-element elementor-element-e4a85e1 elementor-widget elementor-widget-heading\" data-id=\"e4a85e1\" data-element_type=\"widget\" data-e-type=\"widget\" data-widget_type=\"heading.default\">\n\t\t\t\t<div class=\"elementor-widget-container\">\n\t\t\t\t\t<h2 class=\"elementor-heading-title elementor-size-default\">S\u00cdGUENOS EN<\/h2>\t\t\t\t<\/div>\n\t\t\t\t<\/div>\n\t\t\t\t<\/div>\n\t\t<div class=\"elementor-element elementor-element-cc8edf4 e-con-full e-flex e-con e-child\" data-id=\"cc8edf4\" data-element_type=\"container\" data-e-type=\"container\">\n\t\t\t\t<div class=\"elementor-element elementor-element-d371796 elementor-view-default elementor-widget elementor-widget-icon\" data-id=\"d371796\" data-element_type=\"widget\" data-e-type=\"widget\" data-widget_type=\"icon.default\">\n\t\t\t\t<div class=\"elementor-widget-container\">\n\t\t\t\t\t\t\t<div class=\"elementor-icon-wrapper\">\n\t\t\t<a class=\"elementor-icon\" href=\"https:\/\/www.instagram.com\/almaruralbodega\/\">\n\t\t\t<svg aria-hidden=\"true\" class=\"e-font-icon-svg e-fab-instagram\" viewBox=\"0 0 448 512\" xmlns=\"http:\/\/www.w3.org\/2000\/svg\"><path d=\"M224.1 141c-63.6 0-114.9 51.3-114.9 114.9s51.3 114.9 114.9 114.9S339 319.5 339 255.9 287.7 141 224.1 141zm0 189.6c-41.1 0-74.7-33.5-74.7-74.7s33.5-74.7 74.7-74.7 74.7 33.5 74.7 74.7-33.6 74.7-74.7 74.7zm146.4-194.3c0 14.9-12 26.8-26.8 26.8-14.9 0-26.8-12-26.8-26.8s12-26.8 26.8-26.8 26.8 12 26.8 26.8zm76.1 27.2c-1.7-35.9-9.9-67.7-36.2-93.9-26.2-26.2-58-34.4-93.9-36.2-37-2.1-147.9-2.1-184.9 0-35.8 1.7-67.6 9.9-93.9 36.1s-34.4 58-36.2 93.9c-2.1 37-2.1 147.9 0 184.9 1.7 35.9 9.9 67.7 36.2 93.9s58 34.4 93.9 36.2c37 2.1 147.9 2.1 184.9 0 35.9-1.7 67.7-9.9 93.9-36.2 26.2-26.2 34.4-58 36.2-93.9 2.1-37 2.1-147.8 0-184.8zM398.8 388c-7.8 19.6-22.9 34.7-42.6 42.6-29.5 11.7-99.5 9-132.1 9s-102.7 2.6-132.1-9c-19.6-7.8-34.7-22.9-42.6-42.6-11.7-29.5-9-99.5-9-132.1s-2.6-102.7 9-132.1c7.8-19.6 22.9-34.7 42.6-42.6 29.5-11.7 99.5-9 132.1-9s102.7-2.6 132.1 9c19.6 7.8 34.7 22.9 42.6 42.6 11.7 29.5 9 99.5 9 132.1s2.7 102.7-9 132.1z\"><\/path><\/svg>\t\t\t<\/a>\n\t\t<\/div>\n\t\t\t\t\t\t<\/div>\n\t\t\t\t<\/div>\n\t\t\t\t<\/div>\n\t\t\t\t\t<\/div>\n\t\t\t\t<\/div>\n\t\t\t\t\t<\/div>\n\t\t\t\t<\/div>\n\t\t\t\t<\/div>\n\t\t","protected":false},"excerpt":{"rendered":"<p>La uva Garnacha, con su rica historia y versatilidad enol\u00f3gica, es una de las variedades m\u00e1s apreciadas en el mundo del vino. En esta entrada, nos sumergiremos en la anatom\u00eda de la Garnacha, explorando cada parte de esta uva que da vida a nuestros vinos. Acomp\u00e1\u00f1anos en este viaje sensorial a trav\u00e9s de sus componentes [&hellip;]<\/p>\n","protected":false},"author":1,"featured_media":0,"comment_status":"closed","ping_status":"closed","sticky":false,"template":"","format":"standard","meta":{"_uag_custom_page_level_css":"","site-sidebar-layout":"default","site-content-layout":"","ast-site-content-layout":"default","site-content-style":"default","site-sidebar-style":"default","ast-global-header-display":"","ast-banner-title-visibility":"","ast-main-header-display":"","ast-hfb-above-header-display":"","ast-hfb-below-header-display":"","ast-hfb-mobile-header-display":"","site-post-title":"","ast-breadcrumbs-content":"","ast-featured-img":"","footer-sml-layout":"","ast-disable-related-posts":"","theme-transparent-header-meta":"default","adv-header-id-meta":"","stick-header-meta":"","header-above-stick-meta":"","header-main-stick-meta":"","header-below-stick-meta":"","astra-migrate-meta-layouts":"set","ast-page-background-enabled":"default","ast-page-background-meta":{"desktop":{"background-color":"var(--ast-global-color-4)","background-image":"","background-repeat":"repeat","background-position":"center center","background-size":"auto","background-attachment":"scroll","background-type":"","background-media":"","overlay-type":"","overlay-color":"","overlay-opacity":"","overlay-gradient":""},"tablet":{"background-color":"","background-image":"","background-repeat":"repeat","background-position":"center center","background-size":"auto","background-attachment":"scroll","background-type":"","background-media":"","overlay-type":"","overlay-color":"","overlay-opacity":"","overlay-gradient":""},"mobile":{"background-color":"","background-image":"","background-repeat":"repeat","background-position":"center center","background-size":"auto","background-attachment":"scroll","background-type":"","background-media":"","overlay-type":"","overlay-color":"","overlay-opacity":"","overlay-gradient":""}},"ast-content-background-meta":{"desktop":{"background-color":"var(--ast-global-color-5)","background-image":"","background-repeat":"repeat","background-position":"center center","background-size":"auto","background-attachment":"scroll","background-type":"","background-media":"","overlay-type":"","overlay-color":"","overlay-opacity":"","overlay-gradient":""},"tablet":{"background-color":"var(--ast-global-color-5)","background-image":"","background-repeat":"repeat","background-position":"center center","background-size":"auto","background-attachment":"scroll","background-type":"","background-media":"","overlay-type":"","overlay-color":"","overlay-opacity":"","overlay-gradient":""},"mobile":{"background-color":"var(--ast-global-color-5)","background-image":"","background-repeat":"repeat","background-position":"center center","background-size":"auto","background-attachment":"scroll","background-type":"","background-media":"","overlay-type":"","overlay-color":"","overlay-opacity":"","overlay-gradient":""}},"footnotes":""},"categories":[68],"tags":[44,33,54,49,18,55,23,28,17,56,32],"class_list":["post-555","post","type-post","status-publish","format-standard","hentry","category-tipos-de-uva","tag-bodega-avila","tag-bodegas-cerca-madrid","tag-dop-cabreros","tag-enologia","tag-garnacha-tinta","tag-montana","tag-navatalgordo","tag-sierra-de-gredos","tag-uva","tag-uva-garnacha","tag-vinos-de-altura"],"uagb_featured_image_src":{"full":false,"thumbnail":false,"medium":false,"medium_large":false,"large":false,"1536x1536":false,"2048x2048":false},"uagb_author_info":{"display_name":"Bodega Alma Rural","author_link":"https:\/\/www.almaruralbodega.com\/index.php\/author\/admin\/"},"uagb_comment_info":0,"uagb_excerpt":"La uva Garnacha, con su rica historia y versatilidad enol\u00f3gica, es una de las variedades m\u00e1s apreciadas en el mundo del vino. En esta entrada, nos sumergiremos en la anatom\u00eda de la Garnacha, explorando cada parte de esta uva que da vida a nuestros vinos. Acomp\u00e1\u00f1anos en este viaje sensorial a trav\u00e9s de sus componentes&hellip;","rttpg_featured_image_url":null,"rttpg_author":{"display_name":"Bodega Alma Rural","author_link":"https:\/\/www.almaruralbodega.com\/index.php\/author\/admin\/"},"rttpg_comment":0,"rttpg_category":"<a href=\"https:\/\/www.almaruralbodega.com\/index.php\/category\/tipos-de-uva\/\" rel=\"category tag\">Tipos de uva<\/a>","rttpg_excerpt":"La uva Garnacha, con su rica historia y versatilidad enol\u00f3gica, es una de las variedades m\u00e1s apreciadas en el mundo del vino. En esta entrada, nos sumergiremos en la anatom\u00eda de la Garnacha, explorando cada parte de esta uva que da vida a nuestros vinos. Acomp\u00e1\u00f1anos en este viaje sensorial a trav\u00e9s de sus componentes&hellip;","_links":{"self":[{"href":"https:\/\/www.almaruralbodega.com\/index.php\/wp-json\/wp\/v2\/posts\/555","targetHints":{"allow":["GET"]}}],"collection":[{"href":"https:\/\/www.almaruralbodega.com\/index.php\/wp-json\/wp\/v2\/posts"}],"about":[{"href":"https:\/\/www.almaruralbodega.com\/index.php\/wp-json\/wp\/v2\/types\/post"}],"author":[{"embeddable":true,"href":"https:\/\/www.almaruralbodega.com\/index.php\/wp-json\/wp\/v2\/users\/1"}],"replies":[{"embeddable":true,"href":"https:\/\/www.almaruralbodega.com\/index.php\/wp-json\/wp\/v2\/comments?post=555"}],"version-history":[{"count":14,"href":"https:\/\/www.almaruralbodega.com\/index.php\/wp-json\/wp\/v2\/posts\/555\/revisions"}],"predecessor-version":[{"id":1004,"href":"https:\/\/www.almaruralbodega.com\/index.php\/wp-json\/wp\/v2\/posts\/555\/revisions\/1004"}],"wp:attachment":[{"href":"https:\/\/www.almaruralbodega.com\/index.php\/wp-json\/wp\/v2\/media?parent=555"}],"wp:term":[{"taxonomy":"category","embeddable":true,"href":"https:\/\/www.almaruralbodega.com\/index.php\/wp-json\/wp\/v2\/categories?post=555"},{"taxonomy":"post_tag","embeddable":true,"href":"https:\/\/www.almaruralbodega.com\/index.php\/wp-json\/wp\/v2\/tags?post=555"}],"curies":[{"name":"wp","href":"https:\/\/api.w.org\/{rel}","templated":true}]}}