{"id":911,"date":"2025-08-04T16:34:58","date_gmt":"2025-08-04T16:34:58","guid":{"rendered":"http:\/\/www.almaruralbodega.com\/?p=911"},"modified":"2025-08-07T12:00:35","modified_gmt":"2025-08-07T12:00:35","slug":"el-albillo-real-la-joya-blanca-de-la-sierra-de-gredos","status":"publish","type":"post","link":"https:\/\/www.almaruralbodega.com\/index.php\/2025\/08\/04\/el-albillo-real-la-joya-blanca-de-la-sierra-de-gredos\/","title":{"rendered":"El albillo real: la joya blanca de la Sierra de Gredos"},"content":{"rendered":"\t\t<div data-elementor-type=\"wp-post\" data-elementor-id=\"911\" class=\"elementor elementor-911\" data-elementor-post-type=\"post\">\n\t\t\t\t<div class=\"elementor-element elementor-element-6ea0b086 e-flex e-con-boxed e-con e-parent\" data-id=\"6ea0b086\" data-element_type=\"container\" data-e-type=\"container\">\n\t\t\t\t\t<div class=\"e-con-inner\">\n\t\t\t\t<div class=\"elementor-element elementor-element-b12c2bb elementor-widget elementor-widget-text-editor\" data-id=\"b12c2bb\" data-element_type=\"widget\" data-e-type=\"widget\" data-widget_type=\"text-editor.default\">\n\t\t\t\t<div class=\"elementor-widget-container\">\n\t\t\t\t\t\t\t\t\t<h3><strong>Origen y singularidad<\/strong><\/h3><p>La <strong>Albillo Real<\/strong> es una variedad blanca aut\u00f3ctona de Espa\u00f1a, especialmente vinculada a la zona de la Sierra de Gredos, donde convergen \u00c1vila, Madrid y Toledo. Hist\u00f3ricamente fue cultivada tanto para consumo de mesa como para vino. Esta uva era muy valorada en la corte madrile\u00f1a y en \u00c1vila por su calidad.<\/p><p>Ha sido recuperada en los \u00faltimos a\u00f1os gracias a bodegas comprometidas con la viticultura originaria y con el af\u00e1n de conservar el legado de los antecesores de la zona.<\/p><h3><strong>Viticultura<\/strong><\/h3><p>La vid del albillo real tiene unas caracter\u00edsticas que le hacen especial:<\/p><ul><li>Es una vid de baja fertilidad ya que confiere una escasa <strong>producci\u00f3n (1\u20132\u202fkg\/cepa). <\/strong><\/li><li>Los <strong>racimos<\/strong> son peque\u00f1os y compactos<\/li><li>Es una planta de brotaci\u00f3n muy precoz. Aunque las altitudes de hasta 900\u202fm consiguen retrasar el brote y controlan la maduraci\u00f3n. Aun as\u00ed es <strong>muy sensible a las heladas primaverales.<\/strong>\u00a0<\/li><li>Se adapta perfectamente a <strong>suelos gran\u00edticos y arenosos con buen drenaje<\/strong> como los de Cebreros (\u00c1vila) y San Mart\u00edn de Valdeiglesias (Madrid).<\/li><li>Muy resistente a la sequ\u00eda y relativamente tolerante a enfermedades como el mildiu y la botrytis, aunque es <strong>sensible a o\u00eddio.<\/strong><\/li><li>La \u00e9poca de vendimia para el albillo real es entre principios y mediados de agosto.<\/li><\/ul><h3><strong>Perfil enol\u00f3gico<\/strong><\/h3><ul><li><strong>Color<\/strong>: amarillo p\u00e1lido con reflejos dorados.<\/li><li><strong>Aromas<\/strong>: delicada flor blanca (jazm\u00edn, azahar), frutas como pera y sand\u00eda, c\u00edtricos (pomelo), y notas vegetales de romero, pino, enebro, a menudo con matices mielosos y bals\u00e1micos.<\/li><li><strong>Boca<\/strong>: cuerpo medio, sensaci\u00f3n untuosa debido a su alto \u00edndice de glicerol, acidez media, estructura marcada y retrogusto ligeramente amargo con matiz salino.<\/li><li><strong>Oxidaci\u00f3n y crianza<\/strong>: tendencia natural a oxidarse, lo que algunos elaboradores aprovechan para vinos de guarda o fermentaciones en barrica. Otros buscan preservar su frescura con vinificaciones en fr\u00edo y fermentaci\u00f3n controlada.<\/li><\/ul><h3><strong>Producci\u00f3n y exclusividad<\/strong><\/h3><p>Se trata de una variedad de escasa producci\u00f3n: en la D.O.P Cebreros, por ejemplo, represent\u00f3 solo el 12\u202f% de la producci\u00f3n en 2024, y su cosecha cay\u00f3 un 40\u202f% respecto al a\u00f1o anterior debido a heladas y plagas. A nivel nacional o internacional, es dif\u00edcil encontrar vinos puros de Albillo Real, lo que subraya su car\u00e1cter exclusivo y muy ligado a su lugar de origen.<\/p><h3><strong>Ejemplos destacados y maridajes<\/strong><\/h3><p>Este tipo de vinos acompa\u00f1an de forma excelente mariscos, pescados grasos, ensaladas con vinagretas c\u00edtricas, platos fr\u00edos con sabores intensos o incluso salsas especiadas que requieran frescura y limpieza del paladar.<\/p><h3><strong>Conclusi\u00f3n evocadora<\/strong><\/h3><p>La <strong>Albillo Real<\/strong> es, sin duda, una joya vin\u00edcola <strong>aut\u00e9nticamente vinculada a \u00c1vila y a la sierra de Gredos<\/strong>. Es una uva hermosa por su rareza y por lo que produce: vinos refinados, untuosos, arom\u00e1ticos, equilibradamente glic\u00e9ricos y con un car\u00e1cter mineral y algo amargo que los hace \u00fanicos y memorables. La escasez de esta uva hace que sean vinos exclusivos.<\/p><p>Para quienes buscan vinos blancos con identidad, con historia, con presencia en boca pero sin exuberancia, los vinos de Albillo Real resultan una propuesta exclusiva, gastron\u00f3mica y sofisticada. Son ideales para cartas selectas y experiencias enotur\u00edsticas con mucha personalidad.<\/p>\t\t\t\t\t\t\t\t<\/div>\n\t\t\t\t<\/div>\n\t\t\t\t\t<\/div>\n\t\t\t\t<\/div>\n\t\t<div class=\"elementor-element elementor-element-3333161 e-flex e-con-boxed e-con e-parent\" data-id=\"3333161\" data-element_type=\"container\" data-e-type=\"container\">\n\t\t\t\t\t<div class=\"e-con-inner\">\n\t\t\t\t<div class=\"elementor-element elementor-element-0640838 elementor-widget elementor-widget-image\" data-id=\"0640838\" data-element_type=\"widget\" data-e-type=\"widget\" data-widget_type=\"image.default\">\n\t\t\t\t<div class=\"elementor-widget-container\">\n\t\t\t\t\t\t\t\t\t\t\t\t\t\t\t<img fetchpriority=\"high\" decoding=\"async\" width=\"768\" height=\"1024\" src=\"https:\/\/www.almaruralbodega.com\/wp-content\/uploads\/2025\/08\/IMG_6782-768x1024.jpeg\" class=\"attachment-medium_large size-medium_large wp-image-989\" alt=\"\" srcset=\"https:\/\/www.almaruralbodega.com\/wp-content\/uploads\/2025\/08\/IMG_6782-768x1024.jpeg 768w, https:\/\/www.almaruralbodega.com\/wp-content\/uploads\/2025\/08\/IMG_6782-225x300.jpeg 225w, https:\/\/www.almaruralbodega.com\/wp-content\/uploads\/2025\/08\/IMG_6782-1152x1536.jpeg 1152w, https:\/\/www.almaruralbodega.com\/wp-content\/uploads\/2025\/08\/IMG_6782-1536x2048.jpeg 1536w, https:\/\/www.almaruralbodega.com\/wp-content\/uploads\/2025\/08\/IMG_6782-scaled.jpeg 1920w\" sizes=\"(max-width: 768px) 100vw, 768px\" \/>\t\t\t\t\t\t\t\t\t\t\t\t\t\t\t<\/div>\n\t\t\t\t<\/div>\n\t\t\t\t\t<\/div>\n\t\t\t\t<\/div>\n\t\t\t\t<\/div>\n\t\t","protected":false},"excerpt":{"rendered":"<p>Origen y singularidad La Albillo Real es una variedad blanca aut\u00f3ctona de Espa\u00f1a, especialmente vinculada a la zona de la Sierra de Gredos, donde convergen \u00c1vila, Madrid y Toledo. Hist\u00f3ricamente fue cultivada tanto para consumo de mesa como para vino. Esta uva era muy valorada en la corte madrile\u00f1a y en \u00c1vila por su calidad. [&hellip;]<\/p>\n","protected":false},"author":1,"featured_media":0,"comment_status":"closed","ping_status":"closed","sticky":false,"template":"","format":"standard","meta":{"_uag_custom_page_level_css":"","site-sidebar-layout":"default","site-content-layout":"","ast-site-content-layout":"default","site-content-style":"default","site-sidebar-style":"default","ast-global-header-display":"","ast-banner-title-visibility":"","ast-main-header-display":"","ast-hfb-above-header-display":"","ast-hfb-below-header-display":"","ast-hfb-mobile-header-display":"","site-post-title":"","ast-breadcrumbs-content":"","ast-featured-img":"","footer-sml-layout":"","ast-disable-related-posts":"","theme-transparent-header-meta":"default","adv-header-id-meta":"","stick-header-meta":"","header-above-stick-meta":"","header-main-stick-meta":"","header-below-stick-meta":"","astra-migrate-meta-layouts":"set","ast-page-background-enabled":"default","ast-page-background-meta":{"desktop":{"background-color":"var(--ast-global-color-4)","background-image":"","background-repeat":"repeat","background-position":"center center","background-size":"auto","background-attachment":"scroll","background-type":"","background-media":"","overlay-type":"","overlay-color":"","overlay-opacity":"","overlay-gradient":""},"tablet":{"background-color":"","background-image":"","background-repeat":"repeat","background-position":"center center","background-size":"auto","background-attachment":"scroll","background-type":"","background-media":"","overlay-type":"","overlay-color":"","overlay-opacity":"","overlay-gradient":""},"mobile":{"background-color":"","background-image":"","background-repeat":"repeat","background-position":"center center","background-size":"auto","background-attachment":"scroll","background-type":"","background-media":"","overlay-type":"","overlay-color":"","overlay-opacity":"","overlay-gradient":""}},"ast-content-background-meta":{"desktop":{"background-color":"var(--ast-global-color-5)","background-image":"","background-repeat":"repeat","background-position":"center center","background-size":"auto","background-attachment":"scroll","background-type":"","background-media":"","overlay-type":"","overlay-color":"","overlay-opacity":"","overlay-gradient":""},"tablet":{"background-color":"var(--ast-global-color-5)","background-image":"","background-repeat":"repeat","background-position":"center center","background-size":"auto","background-attachment":"scroll","background-type":"","background-media":"","overlay-type":"","overlay-color":"","overlay-opacity":"","overlay-gradient":""},"mobile":{"background-color":"var(--ast-global-color-5)","background-image":"","background-repeat":"repeat","background-position":"center center","background-size":"auto","background-attachment":"scroll","background-type":"","background-media":"","overlay-type":"","overlay-color":"","overlay-opacity":"","overlay-gradient":""}},"footnotes":""},"categories":[68],"tags":[69,62,38,71,73,74,72,70],"class_list":["post-911","post","type-post","status-publish","format-standard","hentry","category-tipos-de-uva","tag-albillo-real","tag-almacenar-vino-en-casa","tag-cebreros","tag-denominacion-de-origen-protegida","tag-uva-blanca","tag-variedad-albillo-real","tag-vinos-blancos","tag-vinos-de-cebreros"],"uagb_featured_image_src":{"full":false,"thumbnail":false,"medium":false,"medium_large":false,"large":false,"1536x1536":false,"2048x2048":false},"uagb_author_info":{"display_name":"Bodega Alma Rural","author_link":"https:\/\/www.almaruralbodega.com\/index.php\/author\/admin\/"},"uagb_comment_info":0,"uagb_excerpt":"Origen y singularidad La Albillo Real es una variedad blanca aut\u00f3ctona de Espa\u00f1a, especialmente vinculada a la zona de la Sierra de Gredos, donde convergen \u00c1vila, Madrid y Toledo. Hist\u00f3ricamente fue cultivada tanto para consumo de mesa como para vino. Esta uva era muy valorada en la corte madrile\u00f1a y en \u00c1vila por su calidad.&hellip;","rttpg_featured_image_url":null,"rttpg_author":{"display_name":"Bodega Alma Rural","author_link":"https:\/\/www.almaruralbodega.com\/index.php\/author\/admin\/"},"rttpg_comment":0,"rttpg_category":"<a href=\"https:\/\/www.almaruralbodega.com\/index.php\/category\/tipos-de-uva\/\" rel=\"category tag\">Tipos de uva<\/a>","rttpg_excerpt":"Origen y singularidad La Albillo Real es una variedad blanca aut\u00f3ctona de Espa\u00f1a, especialmente vinculada a la zona de la Sierra de Gredos, donde convergen \u00c1vila, Madrid y Toledo. Hist\u00f3ricamente fue cultivada tanto para consumo de mesa como para vino. Esta uva era muy valorada en la corte madrile\u00f1a y en \u00c1vila por su calidad.&hellip;","_links":{"self":[{"href":"https:\/\/www.almaruralbodega.com\/index.php\/wp-json\/wp\/v2\/posts\/911","targetHints":{"allow":["GET"]}}],"collection":[{"href":"https:\/\/www.almaruralbodega.com\/index.php\/wp-json\/wp\/v2\/posts"}],"about":[{"href":"https:\/\/www.almaruralbodega.com\/index.php\/wp-json\/wp\/v2\/types\/post"}],"author":[{"embeddable":true,"href":"https:\/\/www.almaruralbodega.com\/index.php\/wp-json\/wp\/v2\/users\/1"}],"replies":[{"embeddable":true,"href":"https:\/\/www.almaruralbodega.com\/index.php\/wp-json\/wp\/v2\/comments?post=911"}],"version-history":[{"count":18,"href":"https:\/\/www.almaruralbodega.com\/index.php\/wp-json\/wp\/v2\/posts\/911\/revisions"}],"predecessor-version":[{"id":1008,"href":"https:\/\/www.almaruralbodega.com\/index.php\/wp-json\/wp\/v2\/posts\/911\/revisions\/1008"}],"wp:attachment":[{"href":"https:\/\/www.almaruralbodega.com\/index.php\/wp-json\/wp\/v2\/media?parent=911"}],"wp:term":[{"taxonomy":"category","embeddable":true,"href":"https:\/\/www.almaruralbodega.com\/index.php\/wp-json\/wp\/v2\/categories?post=911"},{"taxonomy":"post_tag","embeddable":true,"href":"https:\/\/www.almaruralbodega.com\/index.php\/wp-json\/wp\/v2\/tags?post=911"}],"curies":[{"name":"wp","href":"https:\/\/api.w.org\/{rel}","templated":true}]}}